{"id":19715,"date":"2026-05-01T16:51:35","date_gmt":"2026-05-01T20:51:35","guid":{"rendered":"https:\/\/stlawrence-sacredheart.org\/?p=19715"},"modified":"2026-05-01T16:53:28","modified_gmt":"2026-05-01T20:53:28","slug":"inscribiendo-la-vida","status":"publish","type":"post","link":"https:\/\/stlawrence-sacredheart.org\/es\/inscribiendo-la-vida\/","title":{"rendered":"Inscribiendo la Vida"},"content":{"rendered":"<div data-elementor-type=\"wp-post\" data-elementor-id=\"19715\" class=\"elementor elementor-19715\" data-elementor-post-type=\"post\">\n\t\t\t\t<div class=\"elementor-element elementor-element-68cb87f e-flex e-con-boxed e-con e-parent\" data-id=\"68cb87f\" data-element_type=\"container\" data-e-type=\"container\">\n\t\t\t\t\t<div class=\"e-con-inner\">\n\t\t\t\t<div class=\"elementor-element elementor-element-cf43886 elementor-widget elementor-widget-text-editor\" data-id=\"cf43886\" data-element_type=\"widget\" data-e-type=\"widget\" data-widget_type=\"text-editor.default\">\n\t\t\t\t<div class=\"elementor-widget-container\">\n\t\t\t\t\t\t\t\t\t<p><span style=\"font-size: 12pt\"><img fetchpriority=\"high\" decoding=\"async\" class=\"alignleft wp-image-11648 size-medium\" src=\"https:\/\/stlawrence-sacredheart.org\/wp-content\/uploads\/2024\/04\/LHoller-v2-229x300.webp\" alt=\"\" width=\"229\" height=\"300\" srcset=\"https:\/\/stlawrence-sacredheart.org\/wp-content\/uploads\/2024\/04\/LHoller-v2-229x300.webp 229w, https:\/\/stlawrence-sacredheart.org\/wp-content\/uploads\/2024\/04\/LHoller-v2.webp 700w\" sizes=\"(max-width: 229px) 100vw, 229px\" \/><\/span><\/p><p>\u00a0A lo largo de la Cuaresma, las homil\u00edas del Padre Mike Schmitz nos desaf\u00edan a reflexionar sobre nuestras vidas. Cada uno de nosotros posee recuerdos \u00fanicos que reescribimos junto con Dios, y nuestros cap\u00edtulos unidos, conforman el libro de la vida de Dios. Las decisiones que tomamos a lo largo de nuestros a\u00f1os modifican la trayectoria de nuestra propia historia, pero tambi\u00e9n la epopeya de la historia humana.<\/p><p>En el gran esquema de las cosas, ninguna historia es independiente ni insignificante, Ni la m\u00eda, ni la tuya, ni la del hombre sin hogar en el albergue, ni la de la madre que lucha con un embarazo inesperado\u2026.. Cada vida impacta a todos a su alrededor.<\/p><p>En un plano m\u00e1s cercano debemos mantenernos conscientes del hecho de que nuestra historia personal est\u00e1 en constante evoluci\u00f3n. El Padre Mike explica que todas las historias tienen un principio, un desarrollo, un final y un t\u00edtulo. Me gust\u00f3 mucho la manera en que describe c\u00f3mo cada uno de estos elementos se aplican a nosotros ; sin embargo, el que resulta especialmente sugerente es el t\u00edtulo.<\/p><p>Si hoy te pidieran ponerle un t\u00edtulo a tu autobiograf\u00eda, lo mejor que podr\u00edas hacer ser\u00eda elegir palabras relevantes; a\u00fan sin saber c\u00f3mo terminar\u00e1 tu historia.<\/p><p>Por ejemplo, cuando el hijo pr\u00f3digo se march\u00f3 de la casa de su padre con la pesada bolsa de dinero que obtuvo, podr\u00eda haber titulado su historia como:\u201dLibre al fin\u201d. Aunque m\u00e1s tarde, lejos de casa y hambriento, alimentando a los cerdos y casi comiendo con ellos, podr\u00eda haber elegido \u201cDesanimado.\u201d Pero cuando regresa a la casa del padre, quien lo recibe con los brazos abiertos y un suntuoso banquete en su honor, podr\u00eda haber escogido las palabras:\u201dAgradecido de estar de vuelta en casa\u201d. Pero como no sabemos c\u00f3mo termina su historia, podr\u00eda ser que ninguna de ellas sea apropiada.<\/p><p>Resulta \u00fatil recordar tanto los buenos como los malos momentos, y que no podemos definir. nuestra vida \u00fanicamente por lo que sucede hoy. Ya sea maravilloso, o catastr\u00f3fico, este d\u00eda pasar\u00e1 y el futuro nos presentar\u00e1 nuevas series de alegr\u00edas as\u00ed como pesares. Mantenernos centrados en Cristo nos da la estabilidad necesaria para afrontar la vida hasta el final, momento en el que Jes\u00fas inscribir\u00e1 nuestro t\u00edtulo en su libro de la vida.<\/p><p>Sagradas Escrituras: Esta semana lee el Salmo 56:9. \u00bfQue sobresale?<\/p><p>Llamado a la Acci\u00f3n: Considera los t\u00edtulos que podr\u00edas haber elegido en a\u00f1os anteriores y reflexiona sobre s\u00ed seguir\u00e1n siendo relevantes hoy en d\u00eda.<\/p>\t\t\t\t\t\t\t\t<\/div>\n\t\t\t\t<\/div>\n\t\t\t\t\t<\/div>\n\t\t\t\t<\/div>\n\t\t<div class=\"elementor-element elementor-element-e7cded6 e-flex e-con-boxed e-con e-parent\" data-id=\"e7cded6\" data-element_type=\"container\" data-e-type=\"container\">\n\t\t\t\t\t<div class=\"e-con-inner\">\n\t\t\t\t\t<\/div>\n\t\t\t\t<\/div>\n\t\t<div class=\"elementor-element elementor-element-52f269a e-flex e-con-boxed e-con e-parent\" data-id=\"52f269a\" data-element_type=\"container\" data-e-type=\"container\">\n\t\t\t\t\t<div class=\"e-con-inner\">\n\t\t\t\t\t<\/div>\n\t\t\t\t<\/div>\n\t\t<div class=\"elementor-element elementor-element-c05b6b9 e-flex e-con-boxed e-con e-parent\" data-id=\"c05b6b9\" data-element_type=\"container\" data-e-type=\"container\">\n\t\t\t\t\t<div class=\"e-con-inner\">\n\t\t\t\t\t<\/div>\n\t\t\t\t<\/div>\n\t\t<div class=\"elementor-element elementor-element-d38be87 e-flex e-con-boxed e-con e-parent\" data-id=\"d38be87\" data-element_type=\"container\" data-e-type=\"container\">\n\t\t\t\t\t<div class=\"e-con-inner\">\n\t\t\t\t\t<\/div>\n\t\t\t\t<\/div>\n\t\t<div class=\"elementor-element elementor-element-e97adf3 e-flex e-con-boxed e-con e-parent\" data-id=\"e97adf3\" data-element_type=\"container\" data-e-type=\"container\">\n\t\t\t\t\t<div class=\"e-con-inner\">\n\t\t\t\t\t<\/div>\n\t\t\t\t<\/div>\n\t\t<div class=\"elementor-element elementor-element-6fa6994 e-flex e-con-boxed e-con e-parent\" data-id=\"6fa6994\" data-element_type=\"container\" data-e-type=\"container\">\n\t\t\t\t\t<div class=\"e-con-inner\">\n\t\t\t\t\t<\/div>\n\t\t\t\t<\/div>\n\t\t<div class=\"elementor-element elementor-element-4dac0ad e-flex e-con-boxed e-con e-parent\" data-id=\"4dac0ad\" data-element_type=\"container\" data-e-type=\"container\">\n\t\t\t\t\t<div class=\"e-con-inner\">\n\t\t\t\t\t<\/div>\n\t\t\t\t<\/div>\n\t\t\t\t<\/div>","protected":false},"excerpt":{"rendered":"<p>\u00a0A lo largo de la Cuaresma, las homil\u00edas del Padre Mike Schmitz nos desaf\u00edan a reflexionar sobre nuestras vidas. Cada uno de nosotros posee recuerdos \u00fanicos que reescribimos junto con [&hellip;]<\/p>\n","protected":false},"author":7,"featured_media":15869,"comment_status":"closed","ping_status":"closed","sticky":false,"template":"","format":"standard","meta":{"_monsterinsights_skip_tracking":false,"_monsterinsights_sitenote_active":false,"_monsterinsights_sitenote_note":"","_monsterinsights_sitenote_category":0,"site-sidebar-layout":"default","site-content-layout":"","ast-site-content-layout":"default","site-content-style":"default","site-sidebar-style":"default","ast-global-header-display":"","ast-banner-title-visibility":"","ast-main-header-display":"","ast-hfb-above-header-display":"","ast-hfb-below-header-display":"","ast-hfb-mobile-header-display":"","site-post-title":"","ast-breadcrumbs-content":"","ast-featured-img":"","footer-sml-layout":"","ast-disable-related-posts":"","theme-transparent-header-meta":"default","adv-header-id-meta":"","stick-header-meta":"","header-above-stick-meta":"","header-main-stick-meta":"","header-below-stick-meta":"","astra-migrate-meta-layouts":"set","ast-page-background-enabled":"default","ast-page-background-meta":{"desktop":{"background-color":"var(--ast-global-color-4)","background-image":"","background-repeat":"repeat","background-position":"center center","background-size":"auto","background-attachment":"scroll","background-type":"","background-media":"","overlay-type":"","overlay-color":"","overlay-opacity":"","overlay-gradient":""},"tablet":{"background-color":"","background-image":"","background-repeat":"repeat","background-position":"center center","background-size":"auto","background-attachment":"scroll","background-type":"","background-media":"","overlay-type":"","overlay-color":"","overlay-opacity":"","overlay-gradient":""},"mobile":{"background-color":"","background-image":"","background-repeat":"repeat","background-position":"center center","background-size":"auto","background-attachment":"scroll","background-type":"","background-media":"","overlay-type":"","overlay-color":"","overlay-opacity":"","overlay-gradient":""}},"ast-content-background-meta":{"desktop":{"background-color":"var(--ast-global-color-5)","background-image":"","background-repeat":"repeat","background-position":"center center","background-size":"auto","background-attachment":"scroll","background-type":"","background-media":"","overlay-type":"","overlay-color":"","overlay-opacity":"","overlay-gradient":""},"tablet":{"background-color":"var(--ast-global-color-5)","background-image":"","background-repeat":"repeat","background-position":"center center","background-size":"auto","background-attachment":"scroll","background-type":"","background-media":"","overlay-type":"","overlay-color":"","overlay-opacity":"","overlay-gradient":""},"mobile":{"background-color":"var(--ast-global-color-5)","background-image":"","background-repeat":"repeat","background-position":"center center","background-size":"auto","background-attachment":"scroll","background-type":"","background-media":"","overlay-type":"","overlay-color":"","overlay-opacity":"","overlay-gradient":""}},"footnotes":""},"categories":[210,72],"tags":[743,744,68,742],"post_folder":[],"class_list":["post-19715","post","type-post","status-publish","format-standard","has-post-thumbnail","hentry","category-spanish","category-the-way","tag-hijo-prodigo","tag-historia-de-vida","tag-jesus","tag-libro-de-la-vida"],"yoast_head":"<!-- This site is optimized with the Yoast SEO plugin v27.5 - https:\/\/yoast.com\/product\/yoast-seo-wordpress\/ -->\n<title>Inscribiendo la Vida - St Lawrence - Sacred Heart<\/title>\n<meta name=\"description\" content=\"Lynda Holler, Director of Discipleship, offers mini-reflections and follows up with a Scripture passage and call-to-action suggestions.\" \/>\n<meta name=\"robots\" content=\"index, follow, max-snippet:-1, max-image-preview:large, max-video-preview:-1\" \/>\n<link rel=\"canonical\" href=\"https:\/\/stlawrence-sacredheart.org\/es\/inscribiendo-la-vida\/\" \/>\n<meta property=\"og:locale\" content=\"es_MX\" \/>\n<meta property=\"og:type\" content=\"article\" \/>\n<meta property=\"og:title\" content=\"Inscribiendo la Vida - St Lawrence - Sacred Heart\" \/>\n<meta property=\"og:description\" content=\"Lynda Holler, Director of Discipleship, offers mini-reflections and follows up with a Scripture passage and call-to-action suggestions.\" \/>\n<meta property=\"og:url\" content=\"https:\/\/stlawrence-sacredheart.org\/es\/inscribiendo-la-vida\/\" \/>\n<meta property=\"og:site_name\" content=\"St Lawrence - Sacred Heart\" \/>\n<meta property=\"article:publisher\" content=\"https:\/\/www.facebook.com\/StLawrenceBrewster\" \/>\n<meta property=\"article:published_time\" content=\"2026-05-01T20:51:35+00:00\" \/>\n<meta property=\"article:modified_time\" content=\"2026-05-01T20:53:28+00:00\" \/>\n<meta property=\"og:image\" content=\"https:\/\/stlawrence-sacredheart.org\/wp-content\/uploads\/2025\/06\/Spanish-The-Way-1024x683.png\" \/>\n\t<meta property=\"og:image:width\" content=\"1024\" \/>\n\t<meta property=\"og:image:height\" content=\"683\" \/>\n\t<meta property=\"og:image:type\" content=\"image\/png\" \/>\n<meta name=\"author\" content=\"Lynda Holler\" \/>\n<meta name=\"twitter:card\" content=\"summary_large_image\" \/>\n<meta name=\"twitter:creator\" content=\"@StLawrenceOToo1\" \/>\n<meta name=\"twitter:site\" content=\"@StLawrenceOToo1\" \/>\n<meta name=\"twitter:label1\" content=\"Escrito por\" \/>\n\t<meta name=\"twitter:data1\" content=\"Lynda Holler\" \/>\n\t<meta name=\"twitter:label2\" content=\"Tiempo de lectura\" \/>\n\t<meta name=\"twitter:data2\" content=\"3 minutos\" \/>\n<script type=\"application\/ld+json\" class=\"yoast-schema-graph\">{\"@context\":\"https:\\\/\\\/schema.org\",\"@graph\":[{\"@type\":\"Article\",\"@id\":\"https:\\\/\\\/stlawrence-sacredheart.org\\\/inscribiendo-la-vida\\\/#article\",\"isPartOf\":{\"@id\":\"https:\\\/\\\/stlawrence-sacredheart.org\\\/inscribiendo-la-vida\\\/\"},\"author\":{\"name\":\"Lynda Holler\",\"@id\":\"https:\\\/\\\/stlawrence-sacredheart.org\\\/#\\\/schema\\\/person\\\/8dfad4d9a38eca9ccd22c494f3fb6632\"},\"headline\":\"Inscribiendo la Vida\",\"datePublished\":\"2026-05-01T20:51:35+00:00\",\"dateModified\":\"2026-05-01T20:53:28+00:00\",\"mainEntityOfPage\":{\"@id\":\"https:\\\/\\\/stlawrence-sacredheart.org\\\/inscribiendo-la-vida\\\/\"},\"wordCount\":452,\"publisher\":{\"@id\":\"https:\\\/\\\/stlawrence-sacredheart.org\\\/#organization\"},\"image\":{\"@id\":\"https:\\\/\\\/stlawrence-sacredheart.org\\\/inscribiendo-la-vida\\\/#primaryimage\"},\"thumbnailUrl\":\"https:\\\/\\\/stlawrence-sacredheart.org\\\/wp-content\\\/uploads\\\/2025\\\/06\\\/Spanish-The-Way.png\",\"keywords\":[\"Hijo Pr\u00f3digo\",\"historia de vida.\",\"Jesus\",\"Libro de la vida\"],\"articleSection\":[\"Spanish\",\"The Way\"],\"inLanguage\":\"es\"},{\"@type\":\"WebPage\",\"@id\":\"https:\\\/\\\/stlawrence-sacredheart.org\\\/inscribiendo-la-vida\\\/\",\"url\":\"https:\\\/\\\/stlawrence-sacredheart.org\\\/inscribiendo-la-vida\\\/\",\"name\":\"Inscribiendo la Vida - St Lawrence - Sacred Heart\",\"isPartOf\":{\"@id\":\"https:\\\/\\\/stlawrence-sacredheart.org\\\/#website\"},\"primaryImageOfPage\":{\"@id\":\"https:\\\/\\\/stlawrence-sacredheart.org\\\/inscribiendo-la-vida\\\/#primaryimage\"},\"image\":{\"@id\":\"https:\\\/\\\/stlawrence-sacredheart.org\\\/inscribiendo-la-vida\\\/#primaryimage\"},\"thumbnailUrl\":\"https:\\\/\\\/stlawrence-sacredheart.org\\\/wp-content\\\/uploads\\\/2025\\\/06\\\/Spanish-The-Way.png\",\"datePublished\":\"2026-05-01T20:51:35+00:00\",\"dateModified\":\"2026-05-01T20:53:28+00:00\",\"description\":\"Lynda Holler, Director of Discipleship, offers mini-reflections and follows up with a Scripture passage and call-to-action suggestions.\",\"breadcrumb\":{\"@id\":\"https:\\\/\\\/stlawrence-sacredheart.org\\\/inscribiendo-la-vida\\\/#breadcrumb\"},\"inLanguage\":\"es\",\"potentialAction\":[{\"@type\":\"ReadAction\",\"target\":[\"https:\\\/\\\/stlawrence-sacredheart.org\\\/inscribiendo-la-vida\\\/\"]}]},{\"@type\":\"ImageObject\",\"inLanguage\":\"es\",\"@id\":\"https:\\\/\\\/stlawrence-sacredheart.org\\\/inscribiendo-la-vida\\\/#primaryimage\",\"url\":\"https:\\\/\\\/stlawrence-sacredheart.org\\\/wp-content\\\/uploads\\\/2025\\\/06\\\/Spanish-The-Way.png\",\"contentUrl\":\"https:\\\/\\\/stlawrence-sacredheart.org\\\/wp-content\\\/uploads\\\/2025\\\/06\\\/Spanish-The-Way.png\",\"width\":1920,\"height\":1280},{\"@type\":\"BreadcrumbList\",\"@id\":\"https:\\\/\\\/stlawrence-sacredheart.org\\\/inscribiendo-la-vida\\\/#breadcrumb\",\"itemListElement\":[{\"@type\":\"ListItem\",\"position\":1,\"name\":\"Home\",\"item\":\"https:\\\/\\\/stlawrence-sacredheart.org\\\/\"},{\"@type\":\"ListItem\",\"position\":2,\"name\":\"Inscribiendo la Vida\"}]},{\"@type\":\"WebSite\",\"@id\":\"https:\\\/\\\/stlawrence-sacredheart.org\\\/#website\",\"url\":\"https:\\\/\\\/stlawrence-sacredheart.org\\\/\",\"name\":\"St Lawrence - Sacred Heart\",\"description\":\"Welcome!\",\"publisher\":{\"@id\":\"https:\\\/\\\/stlawrence-sacredheart.org\\\/#organization\"},\"potentialAction\":[{\"@type\":\"SearchAction\",\"target\":{\"@type\":\"EntryPoint\",\"urlTemplate\":\"https:\\\/\\\/stlawrence-sacredheart.org\\\/?s={search_term_string}\"},\"query-input\":{\"@type\":\"PropertyValueSpecification\",\"valueRequired\":true,\"valueName\":\"search_term_string\"}}],\"inLanguage\":\"es\"},{\"@type\":\"Organization\",\"@id\":\"https:\\\/\\\/stlawrence-sacredheart.org\\\/#organization\",\"name\":\"St Lawrence - Sacred Heart\",\"url\":\"https:\\\/\\\/stlawrence-sacredheart.org\\\/\",\"logo\":{\"@type\":\"ImageObject\",\"inLanguage\":\"es\",\"@id\":\"https:\\\/\\\/stlawrence-sacredheart.org\\\/#\\\/schema\\\/logo\\\/image\\\/\",\"url\":\"https:\\\/\\\/stlawrence-sacredheart.org\\\/wp-content\\\/uploads\\\/2024\\\/01\\\/SLSH-blk-v2.webp\",\"contentUrl\":\"https:\\\/\\\/stlawrence-sacredheart.org\\\/wp-content\\\/uploads\\\/2024\\\/01\\\/SLSH-blk-v2.webp\",\"width\":600,\"height\":120,\"caption\":\"St Lawrence - Sacred Heart\"},\"image\":{\"@id\":\"https:\\\/\\\/stlawrence-sacredheart.org\\\/#\\\/schema\\\/logo\\\/image\\\/\"},\"sameAs\":[\"https:\\\/\\\/www.facebook.com\\\/StLawrenceBrewster\",\"https:\\\/\\\/x.com\\\/StLawrenceOToo1\",\"https:\\\/\\\/www.youtube.com\\\/@saintlawrence4538\"]},{\"@type\":\"Person\",\"@id\":\"https:\\\/\\\/stlawrence-sacredheart.org\\\/#\\\/schema\\\/person\\\/8dfad4d9a38eca9ccd22c494f3fb6632\",\"name\":\"Lynda Holler\",\"image\":{\"@type\":\"ImageObject\",\"inLanguage\":\"es\",\"@id\":\"https:\\\/\\\/secure.gravatar.com\\\/avatar\\\/6f28857d66de50ac4429eca666c16455b7cc997f01c008b2e8eab7d98ee6367c?s=96&d=mm&r=g\",\"url\":\"https:\\\/\\\/secure.gravatar.com\\\/avatar\\\/6f28857d66de50ac4429eca666c16455b7cc997f01c008b2e8eab7d98ee6367c?s=96&d=mm&r=g\",\"contentUrl\":\"https:\\\/\\\/secure.gravatar.com\\\/avatar\\\/6f28857d66de50ac4429eca666c16455b7cc997f01c008b2e8eab7d98ee6367c?s=96&d=mm&r=g\",\"caption\":\"Lynda Holler\"},\"url\":\"https:\\\/\\\/stlawrence-sacredheart.org\\\/es\\\/author\\\/lholler\\\/\"}]}<\/script>\n<!-- \/ Yoast SEO plugin. -->","yoast_head_json":{"title":"Inscribiendo la Vida - St Lawrence - Sacred Heart","description":"Lynda Holler, Director of Discipleship, offers mini-reflections and follows up with a Scripture passage and call-to-action suggestions.","robots":{"index":"index","follow":"follow","max-snippet":"max-snippet:-1","max-image-preview":"max-image-preview:large","max-video-preview":"max-video-preview:-1"},"canonical":"https:\/\/stlawrence-sacredheart.org\/es\/inscribiendo-la-vida\/","og_locale":"es_MX","og_type":"article","og_title":"Inscribiendo la Vida - St Lawrence - Sacred Heart","og_description":"Lynda Holler, Director of Discipleship, offers mini-reflections and follows up with a Scripture passage and call-to-action suggestions.","og_url":"https:\/\/stlawrence-sacredheart.org\/es\/inscribiendo-la-vida\/","og_site_name":"St Lawrence - Sacred Heart","article_publisher":"https:\/\/www.facebook.com\/StLawrenceBrewster","article_published_time":"2026-05-01T20:51:35+00:00","article_modified_time":"2026-05-01T20:53:28+00:00","og_image":[{"width":1024,"height":683,"url":"https:\/\/stlawrence-sacredheart.org\/wp-content\/uploads\/2025\/06\/Spanish-The-Way-1024x683.png","type":"image\/png"}],"author":"Lynda Holler","twitter_card":"summary_large_image","twitter_creator":"@StLawrenceOToo1","twitter_site":"@StLawrenceOToo1","twitter_misc":{"Escrito por":"Lynda Holler","Tiempo de lectura":"3 minutos"},"schema":{"@context":"https:\/\/schema.org","@graph":[{"@type":"Article","@id":"https:\/\/stlawrence-sacredheart.org\/inscribiendo-la-vida\/#article","isPartOf":{"@id":"https:\/\/stlawrence-sacredheart.org\/inscribiendo-la-vida\/"},"author":{"name":"Lynda Holler","@id":"https:\/\/stlawrence-sacredheart.org\/#\/schema\/person\/8dfad4d9a38eca9ccd22c494f3fb6632"},"headline":"Inscribiendo la Vida","datePublished":"2026-05-01T20:51:35+00:00","dateModified":"2026-05-01T20:53:28+00:00","mainEntityOfPage":{"@id":"https:\/\/stlawrence-sacredheart.org\/inscribiendo-la-vida\/"},"wordCount":452,"publisher":{"@id":"https:\/\/stlawrence-sacredheart.org\/#organization"},"image":{"@id":"https:\/\/stlawrence-sacredheart.org\/inscribiendo-la-vida\/#primaryimage"},"thumbnailUrl":"https:\/\/stlawrence-sacredheart.org\/wp-content\/uploads\/2025\/06\/Spanish-The-Way.png","keywords":["Hijo Pr\u00f3digo","historia de vida.","Jesus","Libro de la vida"],"articleSection":["Spanish","The Way"],"inLanguage":"es"},{"@type":"WebPage","@id":"https:\/\/stlawrence-sacredheart.org\/inscribiendo-la-vida\/","url":"https:\/\/stlawrence-sacredheart.org\/inscribiendo-la-vida\/","name":"Inscribiendo la Vida - St Lawrence - Sacred Heart","isPartOf":{"@id":"https:\/\/stlawrence-sacredheart.org\/#website"},"primaryImageOfPage":{"@id":"https:\/\/stlawrence-sacredheart.org\/inscribiendo-la-vida\/#primaryimage"},"image":{"@id":"https:\/\/stlawrence-sacredheart.org\/inscribiendo-la-vida\/#primaryimage"},"thumbnailUrl":"https:\/\/stlawrence-sacredheart.org\/wp-content\/uploads\/2025\/06\/Spanish-The-Way.png","datePublished":"2026-05-01T20:51:35+00:00","dateModified":"2026-05-01T20:53:28+00:00","description":"Lynda Holler, Director of Discipleship, offers mini-reflections and follows up with a Scripture passage and call-to-action suggestions.","breadcrumb":{"@id":"https:\/\/stlawrence-sacredheart.org\/inscribiendo-la-vida\/#breadcrumb"},"inLanguage":"es","potentialAction":[{"@type":"ReadAction","target":["https:\/\/stlawrence-sacredheart.org\/inscribiendo-la-vida\/"]}]},{"@type":"ImageObject","inLanguage":"es","@id":"https:\/\/stlawrence-sacredheart.org\/inscribiendo-la-vida\/#primaryimage","url":"https:\/\/stlawrence-sacredheart.org\/wp-content\/uploads\/2025\/06\/Spanish-The-Way.png","contentUrl":"https:\/\/stlawrence-sacredheart.org\/wp-content\/uploads\/2025\/06\/Spanish-The-Way.png","width":1920,"height":1280},{"@type":"BreadcrumbList","@id":"https:\/\/stlawrence-sacredheart.org\/inscribiendo-la-vida\/#breadcrumb","itemListElement":[{"@type":"ListItem","position":1,"name":"Home","item":"https:\/\/stlawrence-sacredheart.org\/"},{"@type":"ListItem","position":2,"name":"Inscribiendo la Vida"}]},{"@type":"WebSite","@id":"https:\/\/stlawrence-sacredheart.org\/#website","url":"https:\/\/stlawrence-sacredheart.org\/","name":"St Lawrence - Sacred Heart","description":"Bienvenido.","publisher":{"@id":"https:\/\/stlawrence-sacredheart.org\/#organization"},"potentialAction":[{"@type":"SearchAction","target":{"@type":"EntryPoint","urlTemplate":"https:\/\/stlawrence-sacredheart.org\/?s={search_term_string}"},"query-input":{"@type":"PropertyValueSpecification","valueRequired":true,"valueName":"search_term_string"}}],"inLanguage":"es"},{"@type":"Organization","@id":"https:\/\/stlawrence-sacredheart.org\/#organization","name":"St Lawrence - Sacred Heart","url":"https:\/\/stlawrence-sacredheart.org\/","logo":{"@type":"ImageObject","inLanguage":"es","@id":"https:\/\/stlawrence-sacredheart.org\/#\/schema\/logo\/image\/","url":"https:\/\/stlawrence-sacredheart.org\/wp-content\/uploads\/2024\/01\/SLSH-blk-v2.webp","contentUrl":"https:\/\/stlawrence-sacredheart.org\/wp-content\/uploads\/2024\/01\/SLSH-blk-v2.webp","width":600,"height":120,"caption":"St Lawrence - Sacred Heart"},"image":{"@id":"https:\/\/stlawrence-sacredheart.org\/#\/schema\/logo\/image\/"},"sameAs":["https:\/\/www.facebook.com\/StLawrenceBrewster","https:\/\/x.com\/StLawrenceOToo1","https:\/\/www.youtube.com\/@saintlawrence4538"]},{"@type":"Person","@id":"https:\/\/stlawrence-sacredheart.org\/#\/schema\/person\/8dfad4d9a38eca9ccd22c494f3fb6632","name":"Lynda Holler","image":{"@type":"ImageObject","inLanguage":"es","@id":"https:\/\/secure.gravatar.com\/avatar\/6f28857d66de50ac4429eca666c16455b7cc997f01c008b2e8eab7d98ee6367c?s=96&d=mm&r=g","url":"https:\/\/secure.gravatar.com\/avatar\/6f28857d66de50ac4429eca666c16455b7cc997f01c008b2e8eab7d98ee6367c?s=96&d=mm&r=g","contentUrl":"https:\/\/secure.gravatar.com\/avatar\/6f28857d66de50ac4429eca666c16455b7cc997f01c008b2e8eab7d98ee6367c?s=96&d=mm&r=g","caption":"Lynda Holler"},"url":"https:\/\/stlawrence-sacredheart.org\/es\/author\/lholler\/"}]}},"_links":{"self":[{"href":"https:\/\/stlawrence-sacredheart.org\/es\/wp-json\/wp\/v2\/posts\/19715","targetHints":{"allow":["GET"]}}],"collection":[{"href":"https:\/\/stlawrence-sacredheart.org\/es\/wp-json\/wp\/v2\/posts"}],"about":[{"href":"https:\/\/stlawrence-sacredheart.org\/es\/wp-json\/wp\/v2\/types\/post"}],"author":[{"embeddable":true,"href":"https:\/\/stlawrence-sacredheart.org\/es\/wp-json\/wp\/v2\/users\/7"}],"replies":[{"embeddable":true,"href":"https:\/\/stlawrence-sacredheart.org\/es\/wp-json\/wp\/v2\/comments?post=19715"}],"version-history":[{"count":4,"href":"https:\/\/stlawrence-sacredheart.org\/es\/wp-json\/wp\/v2\/posts\/19715\/revisions"}],"predecessor-version":[{"id":19719,"href":"https:\/\/stlawrence-sacredheart.org\/es\/wp-json\/wp\/v2\/posts\/19715\/revisions\/19719"}],"wp:featuredmedia":[{"embeddable":true,"href":"https:\/\/stlawrence-sacredheart.org\/es\/wp-json\/wp\/v2\/media\/15869"}],"wp:attachment":[{"href":"https:\/\/stlawrence-sacredheart.org\/es\/wp-json\/wp\/v2\/media?parent=19715"}],"wp:term":[{"taxonomy":"category","embeddable":true,"href":"https:\/\/stlawrence-sacredheart.org\/es\/wp-json\/wp\/v2\/categories?post=19715"},{"taxonomy":"post_tag","embeddable":true,"href":"https:\/\/stlawrence-sacredheart.org\/es\/wp-json\/wp\/v2\/tags?post=19715"},{"taxonomy":"post_folder","embeddable":true,"href":"https:\/\/stlawrence-sacredheart.org\/es\/wp-json\/wp\/v2\/post_folder?post=19715"}],"curies":[{"name":"wp","href":"https:\/\/api.w.org\/{rel}","templated":true}]}}